[{"@context":"https:\/\/schema.org\/","@type":"Article","@id":"https:\/\/www.whelp.cz\/uhybani-pohledem\/#Article","mainEntityOfPage":"https:\/\/www.whelp.cz\/uhybani-pohledem\/","headline":"Uh\u00fdb\u00e1n\u00ed pohledem","name":"Uh\u00fdb\u00e1n\u00ed pohledem","description":"Aby se j\u00ed nemusela d\u00edvat do o\u010d\u00ed, d\u011blala Helena, \u017ee si prohl\u00ed\u017e\u00ed d\u00fdhovan\u00e1 kuchy\u0148sk\u00e1 dv\u00ed\u0159ka. V\u011bd\u011bla, \u017ee mus\u00ed jeho \u017een\u011b [&hellip;]","datePublished":"2024-12-25","dateModified":"2024-12-25","author":{"@type":"Person","@id":"https:\/\/www.whelp.cz\/author\/#Person","name":"","url":"https:\/\/www.whelp.cz\/author\/","identifier":1,"image":{"@type":"ImageObject","@id":"https:\/\/secure.gravatar.com\/avatar\/ccdd701717dc93db07d73e0c11dbbb8b91524cccc3bfbd3baea83667a3ebf5d6?s=96&d=mm&r=g","url":"https:\/\/secure.gravatar.com\/avatar\/ccdd701717dc93db07d73e0c11dbbb8b91524cccc3bfbd3baea83667a3ebf5d6?s=96&d=mm&r=g","height":96,"width":96}},"publisher":{"@type":"Organization","name":"whelp.cz","logo":{"@type":"ImageObject","@id":"\/logo.png","url":"\/logo.png","width":600,"height":60}},"url":"https:\/\/www.whelp.cz\/uhybani-pohledem\/","wordCount":174,"articleBody":"Aby se j\u00ed nemusela d\u00edvat do o\u010d\u00ed, d\u011blala Helena, \u017ee si prohl\u00ed\u017e\u00ed d\u00fdhovan\u00e1 kuchy\u0148sk\u00e1 dv\u00ed\u0159ka. V\u011bd\u011bla, \u017ee mus\u00ed jeho \u017een\u011b jednou \u010delit, ale ne\u010dekala, \u017ee se to stane tak brzy. Dokonce d\u0159\u00edv, ne\u017e ji jejich spole\u010dn\u00fd milenec p\u0159edstavil. Helena toho o Am\u00e9lii nev\u011bd\u011bla mnoho, av\u0161ak to, co v\u011bd\u011bla, znamenalo, \u017ee j\u00ed bylo jasn\u00e9, jak bude tato n\u00e1dhern\u00e1 elegantn\u00ed \u017eena v nejlep\u0161\u00edch letech reagovat na jej\u00ed p\u0159\u00edtomnost. A ni za nic nenech\u00e1 sv\u00e9 ego, aby trp\u011blo. Ticho v j\u00eddeln\u011b Nebude se s n\u00ed o man\u017eela p\u0159\u00edt, nebude ji nen\u00e1vid\u011bt a rozhodn\u011b j\u00ed nebude br\u00e1nit. Am\u00e9lie se mohla s touto situac\u00ed srovnat, jak sama cht\u011bla. Dokonce se mohla sbalit a odej\u00edt, stejn\u011b jako mohla man\u017eela okam\u017eit\u011b vyhodit. U\u017e ve chv\u00edli, kdy se to dozv\u011bd\u011bla, mohla. Ale neud\u011blala to. Helenu by zaj\u00edmalo, jestli je to znamen\u00ed s\u00edly nebo upjatosti.                                                                                                                                                                                                                                                                                                                                                                                                "},{"@context":"https:\/\/schema.org\/","@type":"BreadcrumbList","itemListElement":[{"@type":"ListItem","position":1,"name":"Uh\u00fdb\u00e1n\u00ed pohledem","item":"https:\/\/www.whelp.cz\/uhybani-pohledem\/#breadcrumbitem"}]}]