[{"@context":"https:\/\/schema.org\/","@type":"Article","@id":"https:\/\/www.whelp.cz\/rodinna-dovolena\/#Article","mainEntityOfPage":"https:\/\/www.whelp.cz\/rodinna-dovolena\/","headline":"Rodinn\u00e1 dovolen\u00e1","name":"Rodinn\u00e1 dovolen\u00e1","description":"Jsou rodiny, kter\u00e9 jezd\u00ed na dovolenou samy, rodi\u010de a d\u011bti. Jsou taky rodiny, kter\u00e9 jezd\u00ed na dovolenou rodi\u010de, d\u011bti a [&hellip;]","datePublished":"2022-02-17","dateModified":"2023-05-03","author":{"@type":"Person","@id":"https:\/\/www.whelp.cz\/author\/#Person","name":"","url":"https:\/\/www.whelp.cz\/author\/","identifier":1,"image":{"@type":"ImageObject","@id":"https:\/\/secure.gravatar.com\/avatar\/ccdd701717dc93db07d73e0c11dbbb8b91524cccc3bfbd3baea83667a3ebf5d6?s=96&d=mm&r=g","url":"https:\/\/secure.gravatar.com\/avatar\/ccdd701717dc93db07d73e0c11dbbb8b91524cccc3bfbd3baea83667a3ebf5d6?s=96&d=mm&r=g","height":96,"width":96}},"publisher":{"@type":"Organization","name":"whelp.cz","logo":{"@type":"ImageObject","@id":"\/logo.png","url":"\/logo.png","width":600,"height":60}},"image":{"@type":"ImageObject","@id":"https:\/\/www.whelp.cz\/wp-content\/uploads\/adults-gc0c7514c9_640.jpg","url":"https:\/\/www.whelp.cz\/wp-content\/uploads\/adults-gc0c7514c9_640.jpg","height":0,"width":0},"url":"https:\/\/www.whelp.cz\/rodinna-dovolena\/","about":["Podnik\u00e1n\u00ed"],"wordCount":418,"articleBody":"         Jsou rodiny, kter\u00e9 jezd\u00ed na dovolenou samy, rodi\u010de a d\u011bti. Jsou taky rodiny, kter\u00e9 jezd\u00ed na dovolenou rodi\u010de, d\u011bti a babi\u010dka s d\u011bde\u010dkem. Nebo dokonce s ob\u011bma babi\u010dkami a d\u011bde\u010dky. To u\u017e sebou ale p\u0159in\u00e1\u0161\u00ed nemal\u00e9 probl\u00e9my v\u0161e zorganizovat. Prvn\u00edm probl\u00e9mem b\u00fdv\u00e1 domluvit si term\u00edn. Jedou-li i d\u011bti, je pravd\u011bpodobn\u00e9, \u017ee se bude jednat o pr\u00e1zdniny. A\u0165 u\u017e jarn\u00ed nebo letn\u00ed. A pak nastane dal\u0161\u00ed probl\u00e9m, a to je sehnat vhodn\u00e9 ubytov\u00e1n\u00ed pro takto po\u010detnou skupinu. Ur\u010dit\u011b chceme bydlet spole\u010dn\u011b v jednom apartm\u00e1nu, ale ur\u010dit\u011b ne v jednom pokoji. M\u00edt sv\u00e9m soukrom\u00ed, ale i vyu\u017e\u00edvat spole\u010dnou kuchyni. M\u00e1me pro v\u00e1s nab\u00eddku Apartm\u00e1n 3+kk Hpapartmany. \u017de v\u00e1m to nic ne\u0159\u00edk\u00e1? Ale to je velk\u00e1 chyba! Apartm\u00e1ny spln\u00ed va\u0161e nejn\u00e1ro\u010dn\u011bj\u0161\u00ed po\u017eadavky na kvalitn\u011b str\u00e1venou dovolenou. Um\u00edst\u011bn\u00ed apartm\u00e1n\u016f je p\u0159\u00edmo u sjezdovky, kter\u00e1 je v provozu v zim\u011b i v l\u00e9t\u011b, tak\u017ee si na sv\u00e9 p\u0159ijdou jak ly\u017ea\u0159i, tak i cyklisti. A celoro\u010dn\u011b turisti, proto\u017ee apartm\u00e1ny se nach\u00e1zej\u00ed v \u010dist\u00e9 p\u0159\u00edrod\u011b na pomez\u00ed Orlick\u00fdch hor a Jesen\u00edk\u016f. Zajet pod\u00edvat se m\u016f\u017eete i na Kr\u00e1lick\u00fd Sn\u011b\u017en\u00edk. V\u0161echny hory jsou v dosahu.M\u00e1te partu dobr\u00fdch p\u0159\u00e1tel a v\u0161ichni r\u00e1di ly\u017eujete? Ide\u00e1ln\u00ed si pronajmout spole\u010dn\u00fd apartm\u00e1n s odd\u011blen\u00fdmi lo\u017enicemi a ud\u011blat si kr\u00e1sn\u00fd t\u00fdden na hor\u00e1ch. Odreagovat se od ka\u017edodenn\u00edch pracovn\u00edch i soukrom\u00fdch starost\u00ed. Apartm\u00e1n, kter\u00fd v\u00e1m nab\u00edz\u00edme, je bokem od komer\u010dn\u00edho resortu Doln\u00ed Morava. Tady si u\u017eijete klidu v p\u0159\u00edrod\u011b a za z\u00e1bavou a frkotem m\u016f\u017eete zajet kousek na Doln\u00ed Moravu. Ka\u017ed\u00fd si najde p\u0159es den svou z\u00e1bavu a ve\u010der, a\u017e se sejdete v apartm\u00e1n\u016f bude den je\u0161t\u011b pokra\u010dovat dlouho do noci. Ka\u017ed\u00fd m\u00e1me n\u011bjak\u00e9 p\u0159edstavy o pro\u017eit\u00ed dovolen\u00e9. Pokud ta va\u0161e p\u0159edstava je dovolen\u00e1 ve v\u011bt\u0161\u00edm po\u010dtu osob, nab\u00edz\u00ed se mo\u017enost pronajmut\u00ed apartm\u00e1nu 3+kk, kde se pohodln\u011b v\u0161ichni ubytujete a pro\u017eijete kouzelnou dovolenou v kruhu va\u0161ich nejbli\u017e\u0161\u00edch p\u0159\u00e1tel.                                                                                                                                                                                                                                                                                                                                                                                         4\/5 - (2 votes)        "},{"@context":"https:\/\/schema.org\/","@type":"BreadcrumbList","itemListElement":[{"@type":"ListItem","position":1,"name":"Rodinn\u00e1 dovolen\u00e1","item":"https:\/\/www.whelp.cz\/rodinna-dovolena\/#breadcrumbitem"}]}]