[{"@context":"https:\/\/schema.org\/","@type":"Article","@id":"https:\/\/www.whelp.cz\/proc-deti-potrebuji-byt-v-kolektivu\/#Article","mainEntityOfPage":"https:\/\/www.whelp.cz\/proc-deti-potrebuji-byt-v-kolektivu\/","headline":"Pro\u010d d\u011bti pot\u0159ebuj\u00ed b\u00fdt v kolektivu?","name":"Pro\u010d d\u011bti pot\u0159ebuj\u00ed b\u00fdt v kolektivu?","description":"I my dosp\u011bl\u00ed, pokud m\u00e1me pocit osam\u011blosti a jednodu\u0161e si pot\u0159ebujeme s n\u011bk\u00fdm promluvit, vyhled\u00e1v\u00e1me spole\u010dnost lid\u00ed, se kter\u00fdmi se [&hellip;]","datePublished":"2025-03-07","dateModified":"2023-05-03","author":{"@type":"Person","@id":"https:\/\/www.whelp.cz\/author\/#Person","name":"","url":"https:\/\/www.whelp.cz\/author\/","identifier":1,"image":{"@type":"ImageObject","@id":"https:\/\/secure.gravatar.com\/avatar\/ccdd701717dc93db07d73e0c11dbbb8b91524cccc3bfbd3baea83667a3ebf5d6?s=96&d=mm&r=g","url":"https:\/\/secure.gravatar.com\/avatar\/ccdd701717dc93db07d73e0c11dbbb8b91524cccc3bfbd3baea83667a3ebf5d6?s=96&d=mm&r=g","height":96,"width":96}},"publisher":{"@type":"Organization","name":"whelp.cz","logo":{"@type":"ImageObject","@id":"\/logo.png","url":"\/logo.png","width":600,"height":60}},"image":{"@type":"ImageObject","@id":"https:\/\/www.whelp.cz\/wp-content\/uploads\/img_a327263_w2613_t1539520657.jpg","url":"https:\/\/www.whelp.cz\/wp-content\/uploads\/img_a327263_w2613_t1539520657.jpg","height":0,"width":0},"url":"https:\/\/www.whelp.cz\/proc-deti-potrebuji-byt-v-kolektivu\/","wordCount":496,"articleBody":"\tI my dosp\u011bl\u00ed, pokud m\u00e1me pocit osam\u011blosti a jednodu\u0161e si pot\u0159ebujeme s n\u011bk\u00fdm promluvit, vyhled\u00e1v\u00e1me spole\u010dnost lid\u00ed, se kter\u00fdmi se c\u00edt\u00edme dob\u0159e. Tuto stejnou hodnotu, bychom m\u011bli poskytnout i na\u0161im d\u011btem, kte\u0159\u00ed spole\u010dnost sv\u00fdch vrstevn\u00edk\u016f pot\u0159ebuj\u00ed snad je\u0161t\u011b v\u00edce ne\u017e my.\t\tD\u011bti kolektiv miluj\u00ed a vy\u017eaduj\u00ed\tPro spr\u00e1vn\u00fd psychick\u00fd a fyzick\u00fd v\u00fdvoj d\u00edt\u011bte, je doba str\u00e1ven\u00e1 v kolektivu dal\u0161\u00edch d\u011bt\u00ed prakticky nevyhnuteln\u00e1. Aby l\u00e9pe ch\u00e1paly to, jak fungovat i s jin\u00fdmi lidmi ne\u017e s dosp\u011bl\u00fdmi, se kter\u00fdmi jsou denn\u011b ve styku, mus\u00edte je \u010das od \u010dasu vystavit kontaktu s d\u011btmi. A to i v p\u0159\u00edpad\u011b, \u017ee ciz\u00ed d\u011bti p\u0159\u00edli\u0161 nemus\u00edte, proto\u017ee to samoz\u0159ejm\u011b nejsou va\u0161e ratolesti, kter\u00e9 nevychov\u00e1v\u00e1te vy, ale ostatn\u00ed.\tZa\u010dlenit se mezi men\u0161\u00ed skupinku d\u011bt\u00ed m\u016f\u017eete hrav\u011b na d\u011btsk\u00e9m h\u0159i\u0161ti, kde o d\u011bti nen\u00ed nouze. Najdete tam i d\u011bti r\u016fzn\u00e9 v\u011bkov\u00e9 kategorie, co va\u0161emu d\u00edt\u011bti m\u016f\u017ee pozitivn\u011b p\u0159isp\u011bt do \u017eivota.\t\tD\u011bti se od jin\u00fdch d\u011bt\u00ed u\u010d\u00ed nejen r\u016fzn\u00e9 lump\u00e1rny (s \u010d\u00edm mus\u00edte po\u010d\u00edtat), ale takt\u00e9\u017e i dovednosti, kter\u00e9 jim m\u016f\u017eou pomoci l\u00e9pe zvl\u00e1dat hromadn\u00e9 skupiny, nap\u0159\u00edklad v mate\u0159sk\u00e9 \u0161kolce nebo na z\u00e1kladn\u00ed \u0161kole.\tNevyb\u00edrejte si d\u011bti, ale m\u00edsta\tKa\u017ed\u00fd rodi\u010d se na zp\u016fsob v\u00fdchovy sv\u00e9ho d\u00edt\u011bte, d\u00edv\u00e1 z jin\u00e9ho pohledu a dle sv\u00fdch p\u0159esv\u011bd\u010den\u00ed. Tomu se nem\u016f\u017eete ubr\u00e1nit a ani nad t\u00edm kroutit hlavou.\t\tCo byste pro va\u0161e ratolesti nem\u011bli d\u011blat je, \u017ee jim budete vyb\u00edrat kamar\u00e1dy a d\u011bti, kter\u00e9 se v\u00e1m zdaj\u00ed b\u00fdt pro va\u0161e drob\u00e1tka lep\u0161\u00ed ne\u017e ostatn\u00ed.\tV\u011bt\u0161\u00ed pozornost byste m\u011bli v\u011bnovat m\u00edstu a aktivit\u00e1m, na kter\u00e9 jich budete br\u00e1t. Po\u0159\u00e1d stejn\u00e9 h\u0159i\u0161t\u011b je \u010dasem \u00fapln\u011b omrz\u00ed a budou m\u00edt pot\u0159ebu vyhled\u00e1vat dobrodru\u017estv\u00ed a vym\u00fd\u0161let nesmysly. M\u011bli byste pravideln\u011b m\u011bnit m\u00edsta, kde p\u0159ijdu do styku s d\u011btmi, ale sou\u010dasn\u011b jim rozvinou i pot\u0159ebu hr\u00e1t si a pozn\u00e1vat nov\u00e9 d\u011bti, situace a obzory. Dobr\u00fd p\u0159\u00edkladem jsou d\u011btsk\u00e9 herny, zoologick\u00e9 zahrady nebo z\u00e1jmov\u00e9 krou\u017eky, ve kter\u00fdch se nau\u010d\u00ed fungovat v kolektivu.\tT\u00edm, \u017ee jich vystav\u00edte dal\u0161\u00ed skupin\u011b jejich vrstevn\u00edk\u016f, jim pom\u016f\u017eete rychle se za\u010dlenit mezi d\u011bti, se kter\u00fdmi pozd\u011bji budou p\u0159ich\u00e1zet do styku denn\u011b, p\u0159edev\u0161\u00edm ve \u0161kolsk\u00e9m za\u0159\u00edzen\u00ed. A v\u011b\u0159te, \u017ee jim toto obdob\u00ed d\u00edky tomu \u2013 hrozn\u011b usnadn\u00edte.                                                                                                                                                                                                                                                                                                                                                                                        4.2\/5 - (5 votes)        "},{"@context":"https:\/\/schema.org\/","@type":"BreadcrumbList","itemListElement":[{"@type":"ListItem","position":1,"name":"Pro\u010d d\u011bti pot\u0159ebuj\u00ed b\u00fdt v kolektivu?","item":"https:\/\/www.whelp.cz\/proc-deti-potrebuji-byt-v-kolektivu\/#breadcrumbitem"}]}]